{"id":25504,"date":"2026-04-27T15:13:42","date_gmt":"2026-04-27T13:13:42","guid":{"rendered":"https:\/\/www.paroisses-semur-epoisses.com\/?p=25504"},"modified":"2026-04-27T15:23:07","modified_gmt":"2026-04-27T13:23:07","slug":"rencontres-des-catechismes-2025-2026-2","status":"publish","type":"post","link":"https:\/\/www.paroisses-semur-epoisses.com\/index.php\/rencontres-des-catechismes-2025-2026-2\/","title":{"rendered":"Un printemps de foi pour les enfants de la paroisse"},"content":{"rendered":"<p>[et_pb_section fb_built=\u00a0\u00bb1&Prime; _builder_version=\u00a0\u00bb4.14.7&Prime; custom_padding=\u00a0\u00bb49px||49px||true|\u00a0\u00bb global_colors_info=\u00a0\u00bb{}\u00a0\u00bb][et_pb_row column_structure=\u00a0\u00bb3_5,2_5&Prime; _builder_version=\u00a0\u00bb3.25&Prime; global_colors_info=\u00a0\u00bb{}\u00a0\u00bb][et_pb_column type=\u00a0\u00bb3_5&Prime; _builder_version=\u00a0\u00bb3.25&Prime; custom_padding=\u00a0\u00bb|||\u00a0\u00bb global_colors_info=\u00a0\u00bb{}\u00a0\u00bb custom_padding__hover=\u00a0\u00bb|||\u00a0\u00bb][et_pb_text admin_label=\u00a0\u00bbCat\u00e9ch\u00e8se\u00a0\u00bb _builder_version=\u00a0\u00bb4.14.7&Prime; text_font=\u00a0\u00bbRoboto|300|||||||\u00a0\u00bb text_text_color=\u00a0\u00bb#000000&Prime; text_font_size=\u00a0\u00bb15px\u00a0\u00bb text_line_height=\u00a0\u00bb1.8em\u00a0\u00bb link_font=\u00a0\u00bb|600|on||||||\u00a0\u00bb link_text_color=\u00a0\u00bb#34587C\u00a0\u00bb header_font=\u00a0\u00bbDidact Gothic|700|||||||\u00a0\u00bb header_text_color=\u00a0\u00bb#34587C\u00a0\u00bb header_font_size=\u00a0\u00bb34px\u00a0\u00bb header_line_height=\u00a0\u00bb1.6em\u00a0\u00bb locked=\u00a0\u00bboff\u00a0\u00bb global_colors_info=\u00a0\u00bb{}\u00a0\u00bb]<\/p>\n<ul>\n<li><strong>Samedi 2 mai \u00e0 18h00<\/strong><\/li>\n<\/ul>\n<p>CONFIRMATIONS en DOYENN\u00c9<\/p>\n<p>\u00e0 Semur-en-Auxois (Coll\u00e9giale)<\/p>\n<ul>\n<li><strong>Samedi 6 juin de 10h00 \u00e0 11h30<\/strong><\/li>\n<\/ul>\n<p>RENCONTRE des CATECHISMES<\/p>\n<p>CE1-CE2-CM1-CM2-6\u00e8me-5\u00e8me<\/p>\n<ul>\n<li><strong>Samedi 13 juin \u00e0 9h00 \u00e0 15h00<\/strong><\/li>\n<\/ul>\n<p>RETRAITE de PREMIERE COMMUNION<\/p>\n<p>\u00e0 Semur-en-Auxois (8 rue des Saintes Marie)<\/p>\n<ul>\n<li><strong>Vendredi 19 juin \u00e0 18h00<\/strong><\/li>\n<\/ul>\n<p>REPETITION de PREMI\u00c8RE COMMUNION et PROFESSION DE FOI<\/p>\n<p>\u00e0 Semur-en-Auxois (Coll\u00e9giale Notre Dame)<\/p>\n<ul>\n<li><strong>Dimanche 21 juin \u00e0 11h00<\/strong><\/li>\n<\/ul>\n<p>PREMIERES COMMUNIONS et PROFESSIONS de FOI<br \/>\u00e0 Semur-en-Auxois (Coll\u00e9giale)<\/p>\n<p>[\/et_pb_text][\/et_pb_column][et_pb_column type=\u00a0\u00bb2_5&Prime; _builder_version=\u00a0\u00bb3.25&Prime; custom_padding=\u00a0\u00bb|||\u00a0\u00bb global_colors_info=\u00a0\u00bb{}\u00a0\u00bb custom_padding__hover=\u00a0\u00bb|||\u00a0\u00bb][et_pb_image src=\u00a0\u00bbhttps:\/\/www.paroisses-semur-epoisses.com\/wp-content\/uploads\/2026\/04\/rencontre-cathechisme-2026-printemps.jpg\u00a0\u00bb title_text=\u00a0\u00bbrencontre-cathechisme-2026-printemps\u00a0\u00bb _builder_version=\u00a0\u00bb4.14.7&Prime; _module_preset=\u00a0\u00bbdefault\u00a0\u00bb hover_enabled=\u00a0\u00bb0&Prime; border_width_all=\u00a0\u00bb3px\u00a0\u00bb border_color_all=\u00a0\u00bb#554C44&Prime; global_colors_info=\u00a0\u00bb{}\u00a0\u00bb sticky_enabled=\u00a0\u00bb0&Prime;][\/et_pb_image][\/et_pb_column][\/et_pb_row][\/et_pb_section][et_pb_section fb_built=\u00a0\u00bb1&Prime; disabled_on=\u00a0\u00bboff|off|off\u00a0\u00bb _builder_version=\u00a0\u00bb4.14.7&Prime; custom_padding=\u00a0\u00bb30px|0px|30px|0px|true|false\u00a0\u00bb locked=\u00a0\u00bboff\u00a0\u00bb global_colors_info=\u00a0\u00bb{}\u00a0\u00bb][et_pb_row _builder_version=\u00a0\u00bb4.14.7&Prime; _module_preset=\u00a0\u00bbdefault\u00a0\u00bb custom_padding=\u00a0\u00bb13px|||||\u00a0\u00bb global_colors_info=\u00a0\u00bb{}\u00a0\u00bb][et_pb_column type=\u00a0\u00bb4_4&Prime; _builder_version=\u00a0\u00bb4.14.7&Prime; _module_preset=\u00a0\u00bbdefault\u00a0\u00bb global_colors_info=\u00a0\u00bb{}\u00a0\u00bb][et_pb_text quote_border_color=\u00a0\u00bb#8CA3D1&Prime; admin_label=\u00a0\u00bbMesses du&#8230;\u00a0\u00bb _builder_version=\u00a0\u00bb4.14.7&Prime; _module_preset=\u00a0\u00bbdefault\u00a0\u00bb header_2_font=\u00a0\u00bbDidact Gothic|700|||||||\u00a0\u00bb header_2_text_color=\u00a0\u00bb#34587C\u00a0\u00bb custom_padding=\u00a0\u00bb|||1px||\u00a0\u00bb global_colors_info=\u00a0\u00bb{}\u00a0\u00bb]<\/p>\n<h2 style=\"text-align: center;\">Ann\u00e9e 2025-2026<\/h2>\n<p style=\"text-align: center;\"><strong>Cat\u00e9chisme CE1-CE2, CM1-CM2, 6\u00e8me et 5\u00e8me<\/strong><\/p>\n<p style=\"text-align: center;\">Les rencontres ont lieu <strong>aux Saintes-Marie, 8 rue des Saintes-Marie \u00e0 Semur<\/strong>, pour les 3 groupes<\/p>\n<p>[\/et_pb_text][\/et_pb_column][\/et_pb_row][et_pb_row column_structure=\u00a0\u00bb1_2,1_2&Prime; _builder_version=\u00a0\u00bb4.14.7&Prime; _module_preset=\u00a0\u00bbdefault\u00a0\u00bb custom_padding=\u00a0\u00bb13px|||||\u00a0\u00bb global_colors_info=\u00a0\u00bb{}\u00a0\u00bb][et_pb_column type=\u00a0\u00bb1_2&Prime; _builder_version=\u00a0\u00bb4.14.7&Prime; _module_preset=\u00a0\u00bbdefault\u00a0\u00bb global_colors_info=\u00a0\u00bb{}\u00a0\u00bb][et_pb_text quote_border_color=\u00a0\u00bb#8CA3D1&Prime; admin_label=\u00a0\u00bbMesses du&#8230;\u00a0\u00bb _builder_version=\u00a0\u00bb4.14.7&Prime; _module_preset=\u00a0\u00bbdefault\u00a0\u00bb header_2_font=\u00a0\u00bbDidact Gothic|700|||||||\u00a0\u00bb header_2_text_color=\u00a0\u00bb#34587C\u00a0\u00bb custom_padding=\u00a0\u00bb|||1px||\u00a0\u00bb global_colors_info=\u00a0\u00bb{}\u00a0\u00bb]<\/p>\n<ul>\n<li><strong>Samedi 13 septembre<\/strong> de 10h00 \u00e0 11h30, 8 rue des Saintes-Marie \u00e0 Semur. Inscriptions \u00e0 10h00 suivies de la premi\u00e8re rencontre. Une participation de 15 euros par enfant est demand\u00e9e (CB, esp\u00e8ces, ch\u00e8que). Merci.<\/li>\n<li><strong>Dimanche 28 septembre<\/strong> de 9h30 \u00e0 12h00, 8 rue des Saintes-Marie, suivi de la messe (messe de rentr\u00e9e comment\u00e9e) \u00e0 la Coll\u00e9giale \u00e0 11h00. Venir chercher les enfants \u00e0 la Coll\u00e9giale pour 11h50\/12h00<\/li>\n<li><strong>Samedi 11 octobre<\/strong> de 10h00 \u00e0 11h30, 8 rue des Saintes-Marie \u00e0 Semur ;<\/li>\n<li><strong>Samedi 15 novembre<\/strong> de 10h00 \u00e0 11h30<\/li>\n<li><strong>Dimanche 30 novembre<\/strong> de 9h30 \u00e0 12h00 (Avent)<\/li>\n<li><strong>Samedi 13 d\u00e9cembre<\/strong> de 10h00 \u00e0 11h30 (Avent) ;<\/li>\n<li>Messes de la nuit de No\u00ebl : <strong>mercredi 24 d\u00e9cembre \u00e0 18h00<\/strong> avec la cr\u00e8che vivante, avec la participation des enfants, \u00e0 la Coll\u00e9giale de Semur ; \u00e0 20h00 \u00e0 Epoisses, \u00e0 22h00 \u00e0 Semur.<\/li>\n<li>Jour de No\u00ebl : <strong>Jeudi 25 d\u00e9cembre<\/strong> : \u00e0 9h30 \u00e0 Epoisses et \u00e0 11h00 \u00e0 Semur. R\u00e9p\u00e9tition pour la cr\u00e8che vivante : mardi 23 d\u00e9cembre \u00e0 18h00 \u00e0 la Coll\u00e9giale de Semur.<\/li>\n<\/ul>\n<p>[\/et_pb_text][\/et_pb_column][et_pb_column type=\u00a0\u00bb1_2&Prime; _builder_version=\u00a0\u00bb4.14.7&Prime; _module_preset=\u00a0\u00bbdefault\u00a0\u00bb global_colors_info=\u00a0\u00bb{}\u00a0\u00bb][et_pb_text quote_border_color=\u00a0\u00bb#8CA3D1&Prime; admin_label=\u00a0\u00bbMesses du&#8230;\u00a0\u00bb _builder_version=\u00a0\u00bb4.14.7&Prime; _module_preset=\u00a0\u00bbdefault\u00a0\u00bb header_2_font=\u00a0\u00bbDidact Gothic|700|||||||\u00a0\u00bb header_2_text_color=\u00a0\u00bb#34587C\u00a0\u00bb global_colors_info=\u00a0\u00bb{}\u00a0\u00bb]<\/p>\n<ul>\n<li><strong>Samedi 17 janvier<\/strong> de 10h00 \u00e0 11h30 ;<\/li>\n<li><strong>Dimanche 1 f\u00e9vrier<\/strong> de 9h30 \u00e0 12h00 (Pr\u00e9sentation du Seigneur au Temple ou Chandeleur) ;<\/li>\n<li><strong>Mercredi 18 f\u00e9vrier<\/strong> : messes des Cendres \u00e0 17h00 \u00e0 Epoisses et 18h30 Semur (Coll\u00e9giale)<\/li>\n<li><strong>Samedi 28 f\u00e9vrier<\/strong> de 10h00 \u00e0 11h30 (car\u00eame) ;<\/li>\n<li><strong>Dimanche 15 mars<\/strong> de 9h30 \u00e0 12h00 (car\u00eame) ;<\/li>\n<li><strong>Jeudi Saint 2 avril<\/strong>, b\u00e9n\u00e9diction des enfants de la 1\u00e8re communion, \u00e0 la Messe de la C\u00e8ne du Seigneur \u00e0 17h30 \u00e0 Epoisses et \u00e0 19h00 \u00e0 Semur (Coll\u00e9giale)<\/li>\n<li>Messes de P\u00e2ques : <strong>samedi 4 avril<\/strong> \u00e0 20h30 \u00e0 Semur (veill\u00e9 pascale) et <strong>dimanche 5 avril<\/strong> \u00e0 9h30 \u00e0 Epoisses et \u00e0 11h00 \u00e0 Semur (jour de P\u00e2ques) ;<\/li>\n<li><strong>Samedi 25 avril<\/strong> de 10h00 \u00e0 11h30 ;<\/li>\n<li><strong>Samedi 6 juin<\/strong> de 10h00 \u00e0 11h30.<\/li>\n<\/ul>\n<p>[\/et_pb_text][\/et_pb_column][\/et_pb_row][et_pb_row column_structure=\u00a0\u00bb1_3,1_3,1_3&Prime; _builder_version=\u00a0\u00bb4.14.7&Prime; global_colors_info=\u00a0\u00bb{}\u00a0\u00bb][et_pb_column type=\u00a0\u00bb1_3&Prime; _builder_version=\u00a0\u00bb3.25&Prime; custom_padding=\u00a0\u00bb|||\u00a0\u00bb global_colors_info=\u00a0\u00bb{}\u00a0\u00bb custom_padding__hover=\u00a0\u00bb|||\u00a0\u00bb][et_pb_text admin_label=\u00a0\u00bbtexte office\u00a0\u00bb _builder_version=\u00a0\u00bb4.14.7&Prime; text_font=\u00a0\u00bbRoboto|300|||||||\u00a0\u00bb text_text_color=\u00a0\u00bb#000000&Prime; text_font_size=\u00a0\u00bb15px\u00a0\u00bb text_line_height=\u00a0\u00bb1.8em\u00a0\u00bb header_font=\u00a0\u00bbNunito Sans|700|||||||\u00a0\u00bb header_text_color=\u00a0\u00bb#297FCA\u00a0\u00bb header_5_font=\u00a0\u00bbDidact Gothic|700|||||||\u00a0\u00bb header_5_text_color=\u00a0\u00bb#34587C\u00a0\u00bb header_5_font_size=\u00a0\u00bb18px\u00a0\u00bb header_6_font=\u00a0\u00bbDidact Gothic|700|||||||\u00a0\u00bb header_6_text_color=\u00a0\u00bb#34587C\u00a0\u00bb header_6_font_size=\u00a0\u00bb17px\u00a0\u00bb global_colors_info=\u00a0\u00bb{}\u00a0\u00bb]<\/p>\n<h5>1\u00e8re communion (en CM2)<\/h5>\n<ul>\n<li>Retraite : <strong>samedi 13 juin<\/strong> de 9h00 \u00e0 15h00, 8 rue des Saintes-Marie \u00e0 Semur<\/li>\n<li>Messe : <strong>dimanche 21 juin<\/strong> \u00e0 11h00 \u00e0 Semur (Coll\u00e9giale). R\u00e9p\u00e9tition : <strong>vendredi 19 juin<\/strong> \u00e0 18h00 \u00e0 la Coll\u00e9giale.<\/li>\n<\/ul>\n<p>[\/et_pb_text][\/et_pb_column][et_pb_column type=\u00a0\u00bb1_3&Prime; _builder_version=\u00a0\u00bb4.14.7&Prime; _module_preset=\u00a0\u00bbdefault\u00a0\u00bb global_colors_info=\u00a0\u00bb{}\u00a0\u00bb][et_pb_text admin_label=\u00a0\u00bbtexte office\u00a0\u00bb _builder_version=\u00a0\u00bb4.14.7&Prime; text_font=\u00a0\u00bbRoboto|300|||||||\u00a0\u00bb text_text_color=\u00a0\u00bb#000000&Prime; text_font_size=\u00a0\u00bb15px\u00a0\u00bb text_line_height=\u00a0\u00bb1.8em\u00a0\u00bb header_font=\u00a0\u00bbNunito Sans|700|||||||\u00a0\u00bb header_text_color=\u00a0\u00bb#297FCA\u00a0\u00bb header_5_font=\u00a0\u00bbDidact Gothic|700|||||||\u00a0\u00bb header_5_text_color=\u00a0\u00bb#34587C\u00a0\u00bb header_5_font_size=\u00a0\u00bb18px\u00a0\u00bb header_6_font=\u00a0\u00bbDidact Gothic|700|||||||\u00a0\u00bb header_6_text_color=\u00a0\u00bb#34587C\u00a0\u00bb header_6_font_size=\u00a0\u00bb17px\u00a0\u00bb global_colors_info=\u00a0\u00bb{}\u00a0\u00bb]<\/p>\n<h5>Confirmation : \u00e0 partir de la 6\u00e8me.<\/h5>\n<p>Retraite : <strong>jeudi 16 avril et vendredi 17 avril<\/strong> \u00e0 Fain-les-Moutiers. Rencontre avec l\u2019Archev\u00eaque pendant la retraite.<br \/>Messe : <strong>samedi 2 mai<\/strong> \u00e0 18h00 \u00e0 Semur (coll\u00e9giale) pour le Doyenn\u00e9.<\/p>\n<p>[\/et_pb_text][\/et_pb_column][et_pb_column type=\u00a0\u00bb1_3&Prime; _builder_version=\u00a0\u00bb4.14.7&Prime; _module_preset=\u00a0\u00bbdefault\u00a0\u00bb global_colors_info=\u00a0\u00bb{}\u00a0\u00bb][et_pb_text admin_label=\u00a0\u00bbtexte office\u00a0\u00bb _builder_version=\u00a0\u00bb4.14.7&Prime; text_font=\u00a0\u00bbRoboto|300|||||||\u00a0\u00bb text_text_color=\u00a0\u00bb#000000&Prime; text_font_size=\u00a0\u00bb15px\u00a0\u00bb text_line_height=\u00a0\u00bb1.8em\u00a0\u00bb header_font=\u00a0\u00bbNunito Sans|700|||||||\u00a0\u00bb header_text_color=\u00a0\u00bb#297FCA\u00a0\u00bb header_5_font=\u00a0\u00bbDidact Gothic|700|||||||\u00a0\u00bb header_5_text_color=\u00a0\u00bb#34587C\u00a0\u00bb header_5_font_size=\u00a0\u00bb18px\u00a0\u00bb header_6_font=\u00a0\u00bbDidact Gothic|700|||||||\u00a0\u00bb header_6_text_color=\u00a0\u00bb#34587C\u00a0\u00bb header_6_font_size=\u00a0\u00bb17px\u00a0\u00bb global_colors_info=\u00a0\u00bb{}\u00a0\u00bb]<\/p>\n<h5>Profession de Foi : en 5\u00e8me.<\/h5>\n<ul>\n<li>Retraite : <strong>jeudi 19 f\u00e9vrier et vendredi 20 f\u00e9vrier<\/strong> \u00e0 la paroisse de Venarey-les-Laumes.<\/li>\n<li>Messe : <strong>dimanche 21 juin<\/strong> \u00e0 11h00 \u00e0 Semur (Coll\u00e9giale). R\u00e9p\u00e9tition : vendredi 19 juin \u00e0 18h00 \u00e0 la Coll\u00e9giale.<\/li>\n<\/ul>\n<p>[\/et_pb_text][\/et_pb_column][\/et_pb_row][et_pb_row _builder_version=\u00a0\u00bb4.14.7&Prime; global_colors_info=\u00a0\u00bb{}\u00a0\u00bb][et_pb_column type=\u00a0\u00bb4_4&Prime; _builder_version=\u00a0\u00bb3.25&Prime; custom_padding=\u00a0\u00bb|||\u00a0\u00bb global_colors_info=\u00a0\u00bb{}\u00a0\u00bb custom_padding__hover=\u00a0\u00bb|||\u00a0\u00bb][et_pb_text admin_label=\u00a0\u00bbtexte office\u00a0\u00bb _builder_version=\u00a0\u00bb4.14.7&Prime; text_font=\u00a0\u00bbRoboto|300|||||||\u00a0\u00bb text_text_color=\u00a0\u00bb#000000&Prime; text_font_size=\u00a0\u00bb16px\u00a0\u00bb text_line_height=\u00a0\u00bb1.8em\u00a0\u00bb header_font=\u00a0\u00bbNunito Sans|700|||||||\u00a0\u00bb header_text_color=\u00a0\u00bb#297FCA\u00a0\u00bb header_5_font=\u00a0\u00bbDidact Gothic|700|||||||\u00a0\u00bb header_5_text_color=\u00a0\u00bb#34587C\u00a0\u00bb header_5_font_size=\u00a0\u00bb18px\u00a0\u00bb header_6_font=\u00a0\u00bbDidact Gothic|700|||||||\u00a0\u00bb header_6_text_color=\u00a0\u00bb#8CA3D1&Prime; header_6_font_size=\u00a0\u00bb26px\u00a0\u00bb global_colors_info=\u00a0\u00bb{}\u00a0\u00bb]<\/p>\n<h5 style=\"text-align: center;\">Pour les 4\u00e8mes, 3\u00e8mes, 2nde, 1\u00e8re<\/h5>\n<h6 style=\"text-align: center;\">pri\u00e8re-partage-pizza :<\/h6>\n<p style=\"text-align: center;\">de 19h30 \u00e0 21h30 SEMUR-EN-AUXOIS (8 rue des Saintes Marie)<br \/><strong>26 septembre, 10 octobre, 28 novembre, 12 d\u00e9cembre, 23 janvier, 6 mars, 20 mars et 24 avril<\/strong><br \/>Merci de s\u2019inscrire au 07 57 55 24 69<\/p>\n<p>[\/et_pb_text][\/et_pb_column][\/et_pb_row][et_pb_row _builder_version=\u00a0\u00bb4.14.7&Prime; global_colors_info=\u00a0\u00bb{}\u00a0\u00bb][et_pb_column type=\u00a0\u00bb4_4&Prime; _builder_version=\u00a0\u00bb3.25&Prime; custom_padding=\u00a0\u00bb|||\u00a0\u00bb global_colors_info=\u00a0\u00bb{}\u00a0\u00bb custom_padding__hover=\u00a0\u00bb|||\u00a0\u00bb][et_pb_button button_url=\u00a0\u00bbhttps:\/\/www.paroisses-semur-epoisses.com\/wp-content\/uploads\/2025\/09\/KT-paroisse-semur-epoisses-2025-2026.pdf\u00a0\u00bb url_new_window=\u00a0\u00bbon\u00a0\u00bb button_text=\u00a0\u00bbT\u00e9l\u00e9charger le planning du KT\u00a0\u00bb button_alignment=\u00a0\u00bbcenter\u00a0\u00bb disabled_on=\u00a0\u00bboff|off|off\u00a0\u00bb _builder_version=\u00a0\u00bb4.14.7&Prime; _module_preset=\u00a0\u00bbdefault\u00a0\u00bb custom_button=\u00a0\u00bbon\u00a0\u00bb button_text_size=\u00a0\u00bb16px\u00a0\u00bb button_text_color=\u00a0\u00bb#34587c\u00a0\u00bb button_bg_color=\u00a0\u00bbrgba(234,114,74,0)\u00a0\u00bb button_border_width=\u00a0\u00bb8px\u00a0\u00bb button_border_color=\u00a0\u00bbrgba(0,0,0,0)\u00a0\u00bb button_border_radius=\u00a0\u00bb0px\u00a0\u00bb button_letter_spacing=\u00a0\u00bb3px\u00a0\u00bb button_font=\u00a0\u00bbDidact Gothic|700||on|||||\u00a0\u00bb button_use_icon=\u00a0\u00bboff\u00a0\u00bb custom_margin=\u00a0\u00bb10px|||||\u00a0\u00bb box_shadow_style=\u00a0\u00bbpreset5&Prime; box_shadow_vertical=\u00a0\u00bb0px\u00a0\u00bb box_shadow_spread=\u00a0\u00bb2px\u00a0\u00bb box_shadow_color=\u00a0\u00bb#a0beef\u00a0\u00bb global_colors_info=\u00a0\u00bb{}\u00a0\u00bb][\/et_pb_button][\/et_pb_column][\/et_pb_row][\/et_pb_section]<\/p>\n","protected":false},"excerpt":{"rendered":"<p>Samedi 2 mai \u00e0 18h00 CONFIRMATIONS en DOYENN\u00c9 \u00e0 Semur-en-Auxois (Coll\u00e9giale) Samedi 6 juin de 10h00 \u00e0 11h30 RENCONTRE des CATECHISMES CE1-CE2-CM1-CM2-6\u00e8me-5\u00e8me Samedi 13 juin \u00e0 9h00 \u00e0 15h00 RETRAITE de PREMIERE COMMUNION \u00e0 Semur-en-Auxois (8 rue des Saintes Marie) Vendredi 19 juin \u00e0 18h00 REPETITION de PREMI\u00c8RE COMMUNION et PROFESSION DE FOI \u00e0 Semur-en-Auxois [&hellip;]<\/p>\n","protected":false},"author":1,"featured_media":25510,"comment_status":"closed","ping_status":"closed","sticky":false,"template":"","format":"standard","meta":{"_et_pb_use_builder":"on","_et_pb_old_content":"","_et_gb_content_width":"2880","footnotes":""},"categories":[9],"tags":[],"class_list":["post-25504","post","type-post","status-publish","format-standard","has-post-thumbnail","hentry","category-actualites"],"yoast_head":"<!-- This site is optimized with the Yoast SEO plugin v27.4 - https:\/\/yoast.com\/product\/yoast-seo-wordpress\/ -->\n<title>Un printemps de foi pour les enfants de la paroisse - Paroisses de Semur-en-Auxois et d&#039;Epoisses<\/title>\n<meta name=\"robots\" content=\"index, follow, max-snippet:-1, max-image-preview:large, max-video-preview:-1\" \/>\n<link rel=\"canonical\" href=\"https:\/\/www.paroisses-semur-epoisses.com\/index.php\/rencontres-des-catechismes-2025-2026-2\/\" \/>\n<meta property=\"og:locale\" content=\"fr_FR\" \/>\n<meta property=\"og:type\" content=\"article\" \/>\n<meta property=\"og:title\" content=\"Un printemps de foi pour les enfants de la paroisse - Paroisses de Semur-en-Auxois et d&#039;Epoisses\" \/>\n<meta property=\"og:description\" content=\"Samedi 2 mai \u00e0 18h00 CONFIRMATIONS en DOYENN\u00c9 \u00e0 Semur-en-Auxois (Coll\u00e9giale) Samedi 6 juin de 10h00 \u00e0 11h30 RENCONTRE des CATECHISMES CE1-CE2-CM1-CM2-6\u00e8me-5\u00e8me Samedi 13 juin \u00e0 9h00 \u00e0 15h00 RETRAITE de PREMIERE COMMUNION \u00e0 Semur-en-Auxois (8 rue des Saintes Marie) Vendredi 19 juin \u00e0 18h00 REPETITION de PREMI\u00c8RE COMMUNION et PROFESSION DE FOI \u00e0 Semur-en-Auxois [&hellip;]\" \/>\n<meta property=\"og:url\" content=\"https:\/\/www.paroisses-semur-epoisses.com\/index.php\/rencontres-des-catechismes-2025-2026-2\/\" \/>\n<meta property=\"og:site_name\" content=\"Paroisses de Semur-en-Auxois et d&#039;Epoisses\" \/>\n<meta property=\"article:published_time\" content=\"2026-04-27T13:13:42+00:00\" \/>\n<meta property=\"article:modified_time\" content=\"2026-04-27T13:23:07+00:00\" \/>\n<meta property=\"og:image\" content=\"https:\/\/www.paroisses-semur-epoisses.com\/wp-content\/uploads\/2026\/04\/rencontre-cathechisme-2026-printemps.jpg\" \/>\n\t<meta property=\"og:image:width\" content=\"1254\" \/>\n\t<meta property=\"og:image:height\" content=\"1254\" \/>\n\t<meta property=\"og:image:type\" content=\"image\/jpeg\" \/>\n<meta name=\"author\" content=\"Arnault\" \/>\n<meta name=\"twitter:card\" content=\"summary_large_image\" \/>\n<meta name=\"twitter:label1\" content=\"\u00c9crit par\" \/>\n\t<meta name=\"twitter:data1\" content=\"Arnault\" \/>\n\t<meta name=\"twitter:label2\" content=\"Dur\u00e9e de lecture estim\u00e9e\" \/>\n\t<meta name=\"twitter:data2\" content=\"5 minutes\" \/>\n<script type=\"application\/ld+json\" class=\"yoast-schema-graph\">{\"@context\":\"https:\\\/\\\/schema.org\",\"@graph\":[{\"@type\":\"Article\",\"@id\":\"https:\\\/\\\/www.paroisses-semur-epoisses.com\\\/index.php\\\/rencontres-des-catechismes-2025-2026-2\\\/#article\",\"isPartOf\":{\"@id\":\"https:\\\/\\\/www.paroisses-semur-epoisses.com\\\/index.php\\\/rencontres-des-catechismes-2025-2026-2\\\/\"},\"author\":{\"name\":\"Arnault\",\"@id\":\"https:\\\/\\\/www.paroisses-semur-epoisses.com\\\/#\\\/schema\\\/person\\\/581735e9062f50d16d8762d5c8c189f4\"},\"headline\":\"Un printemps de foi pour les enfants de la paroisse\",\"datePublished\":\"2026-04-27T13:13:42+00:00\",\"dateModified\":\"2026-04-27T13:23:07+00:00\",\"mainEntityOfPage\":{\"@id\":\"https:\\\/\\\/www.paroisses-semur-epoisses.com\\\/index.php\\\/rencontres-des-catechismes-2025-2026-2\\\/\"},\"wordCount\":1316,\"image\":{\"@id\":\"https:\\\/\\\/www.paroisses-semur-epoisses.com\\\/index.php\\\/rencontres-des-catechismes-2025-2026-2\\\/#primaryimage\"},\"thumbnailUrl\":\"https:\\\/\\\/www.paroisses-semur-epoisses.com\\\/wp-content\\\/uploads\\\/2026\\\/04\\\/rencontre-cathechisme-2026-printemps.jpg\",\"articleSection\":[\"Actualit\u00e9s\"],\"inLanguage\":\"fr-FR\"},{\"@type\":\"WebPage\",\"@id\":\"https:\\\/\\\/www.paroisses-semur-epoisses.com\\\/index.php\\\/rencontres-des-catechismes-2025-2026-2\\\/\",\"url\":\"https:\\\/\\\/www.paroisses-semur-epoisses.com\\\/index.php\\\/rencontres-des-catechismes-2025-2026-2\\\/\",\"name\":\"Un printemps de foi pour les enfants de la paroisse - Paroisses de Semur-en-Auxois et d&#039;Epoisses\",\"isPartOf\":{\"@id\":\"https:\\\/\\\/www.paroisses-semur-epoisses.com\\\/#website\"},\"primaryImageOfPage\":{\"@id\":\"https:\\\/\\\/www.paroisses-semur-epoisses.com\\\/index.php\\\/rencontres-des-catechismes-2025-2026-2\\\/#primaryimage\"},\"image\":{\"@id\":\"https:\\\/\\\/www.paroisses-semur-epoisses.com\\\/index.php\\\/rencontres-des-catechismes-2025-2026-2\\\/#primaryimage\"},\"thumbnailUrl\":\"https:\\\/\\\/www.paroisses-semur-epoisses.com\\\/wp-content\\\/uploads\\\/2026\\\/04\\\/rencontre-cathechisme-2026-printemps.jpg\",\"datePublished\":\"2026-04-27T13:13:42+00:00\",\"dateModified\":\"2026-04-27T13:23:07+00:00\",\"author\":{\"@id\":\"https:\\\/\\\/www.paroisses-semur-epoisses.com\\\/#\\\/schema\\\/person\\\/581735e9062f50d16d8762d5c8c189f4\"},\"breadcrumb\":{\"@id\":\"https:\\\/\\\/www.paroisses-semur-epoisses.com\\\/index.php\\\/rencontres-des-catechismes-2025-2026-2\\\/#breadcrumb\"},\"inLanguage\":\"fr-FR\",\"potentialAction\":[{\"@type\":\"ReadAction\",\"target\":[\"https:\\\/\\\/www.paroisses-semur-epoisses.com\\\/index.php\\\/rencontres-des-catechismes-2025-2026-2\\\/\"]}]},{\"@type\":\"ImageObject\",\"inLanguage\":\"fr-FR\",\"@id\":\"https:\\\/\\\/www.paroisses-semur-epoisses.com\\\/index.php\\\/rencontres-des-catechismes-2025-2026-2\\\/#primaryimage\",\"url\":\"https:\\\/\\\/www.paroisses-semur-epoisses.com\\\/wp-content\\\/uploads\\\/2026\\\/04\\\/rencontre-cathechisme-2026-printemps.jpg\",\"contentUrl\":\"https:\\\/\\\/www.paroisses-semur-epoisses.com\\\/wp-content\\\/uploads\\\/2026\\\/04\\\/rencontre-cathechisme-2026-printemps.jpg\",\"width\":1254,\"height\":1254},{\"@type\":\"BreadcrumbList\",\"@id\":\"https:\\\/\\\/www.paroisses-semur-epoisses.com\\\/index.php\\\/rencontres-des-catechismes-2025-2026-2\\\/#breadcrumb\",\"itemListElement\":[{\"@type\":\"ListItem\",\"position\":1,\"name\":\"Accueil\",\"item\":\"https:\\\/\\\/www.paroisses-semur-epoisses.com\\\/\"},{\"@type\":\"ListItem\",\"position\":2,\"name\":\"Un printemps de foi pour les enfants de la paroisse\"}]},{\"@type\":\"WebSite\",\"@id\":\"https:\\\/\\\/www.paroisses-semur-epoisses.com\\\/#website\",\"url\":\"https:\\\/\\\/www.paroisses-semur-epoisses.com\\\/\",\"name\":\"Paroisses de Semur-en-Auxois et d&#039;Epoisses\",\"description\":\"Site des paroisses Semur-en-Auxois et d&#039;Epoisses\",\"potentialAction\":[{\"@type\":\"SearchAction\",\"target\":{\"@type\":\"EntryPoint\",\"urlTemplate\":\"https:\\\/\\\/www.paroisses-semur-epoisses.com\\\/?s={search_term_string}\"},\"query-input\":{\"@type\":\"PropertyValueSpecification\",\"valueRequired\":true,\"valueName\":\"search_term_string\"}}],\"inLanguage\":\"fr-FR\"},{\"@type\":\"Person\",\"@id\":\"https:\\\/\\\/www.paroisses-semur-epoisses.com\\\/#\\\/schema\\\/person\\\/581735e9062f50d16d8762d5c8c189f4\",\"name\":\"Arnault\",\"image\":{\"@type\":\"ImageObject\",\"inLanguage\":\"fr-FR\",\"@id\":\"https:\\\/\\\/secure.gravatar.com\\\/avatar\\\/1f7c995420ae56a77fdd7ec4ecd9ed25bc169638cce644d73bd2ff86026c4884?s=96&d=mm&r=g\",\"url\":\"https:\\\/\\\/secure.gravatar.com\\\/avatar\\\/1f7c995420ae56a77fdd7ec4ecd9ed25bc169638cce644d73bd2ff86026c4884?s=96&d=mm&r=g\",\"contentUrl\":\"https:\\\/\\\/secure.gravatar.com\\\/avatar\\\/1f7c995420ae56a77fdd7ec4ecd9ed25bc169638cce644d73bd2ff86026c4884?s=96&d=mm&r=g\",\"caption\":\"Arnault\"},\"sameAs\":[\"http:\\\/\\\/www.paroisses-semur-epoisses.com\\\/site-2022\"],\"url\":\"https:\\\/\\\/www.paroisses-semur-epoisses.com\\\/index.php\\\/author\\\/alemaire\\\/\"}]}<\/script>\n<!-- \/ Yoast SEO plugin. -->","yoast_head_json":{"title":"Un printemps de foi pour les enfants de la paroisse - Paroisses de Semur-en-Auxois et d&#039;Epoisses","robots":{"index":"index","follow":"follow","max-snippet":"max-snippet:-1","max-image-preview":"max-image-preview:large","max-video-preview":"max-video-preview:-1"},"canonical":"https:\/\/www.paroisses-semur-epoisses.com\/index.php\/rencontres-des-catechismes-2025-2026-2\/","og_locale":"fr_FR","og_type":"article","og_title":"Un printemps de foi pour les enfants de la paroisse - Paroisses de Semur-en-Auxois et d&#039;Epoisses","og_description":"Samedi 2 mai \u00e0 18h00 CONFIRMATIONS en DOYENN\u00c9 \u00e0 Semur-en-Auxois (Coll\u00e9giale) Samedi 6 juin de 10h00 \u00e0 11h30 RENCONTRE des CATECHISMES CE1-CE2-CM1-CM2-6\u00e8me-5\u00e8me Samedi 13 juin \u00e0 9h00 \u00e0 15h00 RETRAITE de PREMIERE COMMUNION \u00e0 Semur-en-Auxois (8 rue des Saintes Marie) Vendredi 19 juin \u00e0 18h00 REPETITION de PREMI\u00c8RE COMMUNION et PROFESSION DE FOI \u00e0 Semur-en-Auxois [&hellip;]","og_url":"https:\/\/www.paroisses-semur-epoisses.com\/index.php\/rencontres-des-catechismes-2025-2026-2\/","og_site_name":"Paroisses de Semur-en-Auxois et d&#039;Epoisses","article_published_time":"2026-04-27T13:13:42+00:00","article_modified_time":"2026-04-27T13:23:07+00:00","og_image":[{"width":1254,"height":1254,"url":"https:\/\/www.paroisses-semur-epoisses.com\/wp-content\/uploads\/2026\/04\/rencontre-cathechisme-2026-printemps.jpg","type":"image\/jpeg"}],"author":"Arnault","twitter_card":"summary_large_image","twitter_misc":{"\u00c9crit par":"Arnault","Dur\u00e9e de lecture estim\u00e9e":"5 minutes"},"schema":{"@context":"https:\/\/schema.org","@graph":[{"@type":"Article","@id":"https:\/\/www.paroisses-semur-epoisses.com\/index.php\/rencontres-des-catechismes-2025-2026-2\/#article","isPartOf":{"@id":"https:\/\/www.paroisses-semur-epoisses.com\/index.php\/rencontres-des-catechismes-2025-2026-2\/"},"author":{"name":"Arnault","@id":"https:\/\/www.paroisses-semur-epoisses.com\/#\/schema\/person\/581735e9062f50d16d8762d5c8c189f4"},"headline":"Un printemps de foi pour les enfants de la paroisse","datePublished":"2026-04-27T13:13:42+00:00","dateModified":"2026-04-27T13:23:07+00:00","mainEntityOfPage":{"@id":"https:\/\/www.paroisses-semur-epoisses.com\/index.php\/rencontres-des-catechismes-2025-2026-2\/"},"wordCount":1316,"image":{"@id":"https:\/\/www.paroisses-semur-epoisses.com\/index.php\/rencontres-des-catechismes-2025-2026-2\/#primaryimage"},"thumbnailUrl":"https:\/\/www.paroisses-semur-epoisses.com\/wp-content\/uploads\/2026\/04\/rencontre-cathechisme-2026-printemps.jpg","articleSection":["Actualit\u00e9s"],"inLanguage":"fr-FR"},{"@type":"WebPage","@id":"https:\/\/www.paroisses-semur-epoisses.com\/index.php\/rencontres-des-catechismes-2025-2026-2\/","url":"https:\/\/www.paroisses-semur-epoisses.com\/index.php\/rencontres-des-catechismes-2025-2026-2\/","name":"Un printemps de foi pour les enfants de la paroisse - Paroisses de Semur-en-Auxois et d&#039;Epoisses","isPartOf":{"@id":"https:\/\/www.paroisses-semur-epoisses.com\/#website"},"primaryImageOfPage":{"@id":"https:\/\/www.paroisses-semur-epoisses.com\/index.php\/rencontres-des-catechismes-2025-2026-2\/#primaryimage"},"image":{"@id":"https:\/\/www.paroisses-semur-epoisses.com\/index.php\/rencontres-des-catechismes-2025-2026-2\/#primaryimage"},"thumbnailUrl":"https:\/\/www.paroisses-semur-epoisses.com\/wp-content\/uploads\/2026\/04\/rencontre-cathechisme-2026-printemps.jpg","datePublished":"2026-04-27T13:13:42+00:00","dateModified":"2026-04-27T13:23:07+00:00","author":{"@id":"https:\/\/www.paroisses-semur-epoisses.com\/#\/schema\/person\/581735e9062f50d16d8762d5c8c189f4"},"breadcrumb":{"@id":"https:\/\/www.paroisses-semur-epoisses.com\/index.php\/rencontres-des-catechismes-2025-2026-2\/#breadcrumb"},"inLanguage":"fr-FR","potentialAction":[{"@type":"ReadAction","target":["https:\/\/www.paroisses-semur-epoisses.com\/index.php\/rencontres-des-catechismes-2025-2026-2\/"]}]},{"@type":"ImageObject","inLanguage":"fr-FR","@id":"https:\/\/www.paroisses-semur-epoisses.com\/index.php\/rencontres-des-catechismes-2025-2026-2\/#primaryimage","url":"https:\/\/www.paroisses-semur-epoisses.com\/wp-content\/uploads\/2026\/04\/rencontre-cathechisme-2026-printemps.jpg","contentUrl":"https:\/\/www.paroisses-semur-epoisses.com\/wp-content\/uploads\/2026\/04\/rencontre-cathechisme-2026-printemps.jpg","width":1254,"height":1254},{"@type":"BreadcrumbList","@id":"https:\/\/www.paroisses-semur-epoisses.com\/index.php\/rencontres-des-catechismes-2025-2026-2\/#breadcrumb","itemListElement":[{"@type":"ListItem","position":1,"name":"Accueil","item":"https:\/\/www.paroisses-semur-epoisses.com\/"},{"@type":"ListItem","position":2,"name":"Un printemps de foi pour les enfants de la paroisse"}]},{"@type":"WebSite","@id":"https:\/\/www.paroisses-semur-epoisses.com\/#website","url":"https:\/\/www.paroisses-semur-epoisses.com\/","name":"Paroisses de Semur-en-Auxois et d&#039;Epoisses","description":"Site des paroisses Semur-en-Auxois et d&#039;Epoisses","potentialAction":[{"@type":"SearchAction","target":{"@type":"EntryPoint","urlTemplate":"https:\/\/www.paroisses-semur-epoisses.com\/?s={search_term_string}"},"query-input":{"@type":"PropertyValueSpecification","valueRequired":true,"valueName":"search_term_string"}}],"inLanguage":"fr-FR"},{"@type":"Person","@id":"https:\/\/www.paroisses-semur-epoisses.com\/#\/schema\/person\/581735e9062f50d16d8762d5c8c189f4","name":"Arnault","image":{"@type":"ImageObject","inLanguage":"fr-FR","@id":"https:\/\/secure.gravatar.com\/avatar\/1f7c995420ae56a77fdd7ec4ecd9ed25bc169638cce644d73bd2ff86026c4884?s=96&d=mm&r=g","url":"https:\/\/secure.gravatar.com\/avatar\/1f7c995420ae56a77fdd7ec4ecd9ed25bc169638cce644d73bd2ff86026c4884?s=96&d=mm&r=g","contentUrl":"https:\/\/secure.gravatar.com\/avatar\/1f7c995420ae56a77fdd7ec4ecd9ed25bc169638cce644d73bd2ff86026c4884?s=96&d=mm&r=g","caption":"Arnault"},"sameAs":["http:\/\/www.paroisses-semur-epoisses.com\/site-2022"],"url":"https:\/\/www.paroisses-semur-epoisses.com\/index.php\/author\/alemaire\/"}]}},"_links":{"self":[{"href":"https:\/\/www.paroisses-semur-epoisses.com\/index.php\/wp-json\/wp\/v2\/posts\/25504","targetHints":{"allow":["GET"]}}],"collection":[{"href":"https:\/\/www.paroisses-semur-epoisses.com\/index.php\/wp-json\/wp\/v2\/posts"}],"about":[{"href":"https:\/\/www.paroisses-semur-epoisses.com\/index.php\/wp-json\/wp\/v2\/types\/post"}],"author":[{"embeddable":true,"href":"https:\/\/www.paroisses-semur-epoisses.com\/index.php\/wp-json\/wp\/v2\/users\/1"}],"replies":[{"embeddable":true,"href":"https:\/\/www.paroisses-semur-epoisses.com\/index.php\/wp-json\/wp\/v2\/comments?post=25504"}],"version-history":[{"count":3,"href":"https:\/\/www.paroisses-semur-epoisses.com\/index.php\/wp-json\/wp\/v2\/posts\/25504\/revisions"}],"predecessor-version":[{"id":25511,"href":"https:\/\/www.paroisses-semur-epoisses.com\/index.php\/wp-json\/wp\/v2\/posts\/25504\/revisions\/25511"}],"wp:featuredmedia":[{"embeddable":true,"href":"https:\/\/www.paroisses-semur-epoisses.com\/index.php\/wp-json\/wp\/v2\/media\/25510"}],"wp:attachment":[{"href":"https:\/\/www.paroisses-semur-epoisses.com\/index.php\/wp-json\/wp\/v2\/media?parent=25504"}],"wp:term":[{"taxonomy":"category","embeddable":true,"href":"https:\/\/www.paroisses-semur-epoisses.com\/index.php\/wp-json\/wp\/v2\/categories?post=25504"},{"taxonomy":"post_tag","embeddable":true,"href":"https:\/\/www.paroisses-semur-epoisses.com\/index.php\/wp-json\/wp\/v2\/tags?post=25504"}],"curies":[{"name":"wp","href":"https:\/\/api.w.org\/{rel}","templated":true}]}}